{"id":447,"date":"2018-02-22T12:09:40","date_gmt":"2018-02-22T11:09:40","guid":{"rendered":"http:\/\/fotoklub-zamek.pl\/?p=447"},"modified":"2018-02-22T12:25:33","modified_gmt":"2018-02-22T11:25:33","slug":"wystawa-fotoklubu-miedzy-jawa-a-snem","status":"publish","type":"post","link":"https:\/\/fotoklub-zamek.pl\/index.php\/2018\/02\/22\/wystawa-fotoklubu-miedzy-jawa-a-snem\/","title":{"rendered":"Wystawa Fotoklubu &#8222;Mi\u0119dzy jaw\u0105 a snem&#8221;"},"content":{"rendered":"<hr \/>\n<p>9 lutego 2018<\/p>\n<p><a href=\"http:\/\/fotoklub-zamek.pl\/wp-content\/uploads\/2018\/02\/Plakat_1.jpg\"><img loading=\"lazy\" decoding=\"async\" class=\"alignnone size-medium wp-image-448\" src=\"http:\/\/fotoklub-zamek.pl\/wp-content\/uploads\/2018\/02\/Plakat_1-160x114.jpg\" alt=\"\" width=\"160\" height=\"114\" srcset=\"https:\/\/fotoklub-zamek.pl\/wp-content\/uploads\/2018\/02\/Plakat_1-160x114.jpg 160w, https:\/\/fotoklub-zamek.pl\/wp-content\/uploads\/2018\/02\/Plakat_1-768x548.jpg 768w, https:\/\/fotoklub-zamek.pl\/wp-content\/uploads\/2018\/02\/Plakat_1.jpg 800w\" sizes=\"auto, (max-width: 160px) 100vw, 160px\" \/><\/a><\/p>\n<p>&#8222;Miedzy jaw\u0105 a snem&#8221; to tytu\u0142 wystawy, kt\u00f3r\u0105 mamy wielk\u0105 przyjemno\u015b\u0107 Pa\u0144stwu zaprezentowa\u0107. Czas miedzy jaw\u0105 a snem jest momentem bardzo r\u00f3\u017cnym, jest to czas tu\u017c przed za\u015bni\u0119ciem, b\u0105d\u017a zaraz po obudzeniu si\u0119, czas w kt\u00f3rym \u015bwiat oniryczny nak\u0142ada si\u0119 na \u015bwiat rzeczywisty (b\u0105d\u017a odwrotnie) rozmywaj\u0105c granice, mieszaj\u0105c jeden z drugim. Ludzie prze\u017cywaj\u0105 ten czas bardzo r\u00f3\u017cnie. U niekt\u00f3rych trwa on mgnienie oka, ledwie kilka sekund, u innych mo\u017ce przed\u0142u\u017ca\u0107 si\u0119 do wielu godzin. Dla jednych ten czas &#8222;pomi\u0119dzy&#8221; jest czasem, w kt\u00f3rym przywo\u0142ywane s\u0105 obrazy z przesz\u0142o\u015bci. Dla innych ludzi mo\u017ce by\u0107 to czas, kt\u00f3ry trwa tylko chwil\u0119 i w kt\u00f3rym rzeczywisto\u015b\u0107 zaczyna si\u0119 rozmywa\u0107, staje si\u0119 nieostra, niejasna, ma\u0142o klarowna i w efekcie zanika. Dla jeszcze innych ludzi czas pomi\u0119dzy jaw\u0105 a snem mo\u017ce by\u0107 wype\u0142niony emocjami &#8211; nie ma tam obraz\u00f3w, nie ma te\u017c wspomnie\u0144, natomiast ludzi zalewa fala emocji: zar\u00f3wno tych niechcianych &#8211; l\u0119k, smutek, czy strach, jak i po\u017c\u0105danych &#8211; rado\u015b\u0107, szcz\u0119\u015bcie, spe\u0142nienie.<br \/>\nI tak jak ten czas mo\u017ce by\u0107 r\u00f3\u017cnie rozumiany, tak jest pokazany na naszej wystawie. Prosz\u0119 pami\u0119ta\u0107, \u017ce jest to wystawa przegl\u0105dowa, gdzie tw\u00f3rcami jest wiele os\u00f3b. Ka\u017cdy autor jest inny i ma prawo do odmiennego rozumienia czy odczuwania czasu mi\u0119dzy jaw\u0105 a snem. Dlatego te\u017c zobaczycie Pa\u0144stwo r\u00f3\u017cnego rodzaju prace. S\u0105 tu prace, kt\u00f3re s\u0105 wspomnieniem czego\u015b z przesz\u0142o\u015bci, s\u0105 prace, kt\u00f3re generuj\u0105 emocje, s\u0105 te\u017c prace, na kt\u00f3rych \u015bwiat przedstawiony jest jako nieostry.<br \/>\nTo, czy uda\u0142o nam si\u0119 zrealizowa\u0107 temat le\u017cy w Pa\u0144stwa ocenie.<br \/>\nSerdecznie zapraszamy na wystaw\u0119.<\/p>\n","protected":false},"excerpt":{"rendered":"<p>9 lutego 2018 &#8222;Miedzy jaw\u0105 a snem&#8221; to tytu\u0142 wystawy, kt\u00f3r\u0105 mamy wielk\u0105 przyjemno\u015b\u0107 Pa\u0144stwu zaprezentowa\u0107. Czas miedzy jaw\u0105 a snem jest momentem bardzo r\u00f3\u017cnym, jest to czas tu\u017c przed za\u015bni\u0119ciem, b\u0105d\u017a zaraz po obudzeniu si\u0119, czas w kt\u00f3rym \u015bwiat oniryczny nak\u0142ada si\u0119 na \u015bwiat rzeczywisty (b\u0105d\u017a odwrotnie) rozmywaj\u0105c granice, mieszaj\u0105c jeden z drugim. LudzieContinue reading &rarr;<\/p>\n","protected":false},"author":1,"featured_media":0,"comment_status":"open","ping_status":"open","sticky":false,"template":"","format":"standard","meta":{"ngg_post_thumbnail":0,"footnotes":""},"categories":[1],"tags":[],"class_list":["post-447","post","type-post","status-publish","format-standard","hentry","category-bez-kategorii","no-thumb"],"_links":{"self":[{"href":"https:\/\/fotoklub-zamek.pl\/index.php\/wp-json\/wp\/v2\/posts\/447","targetHints":{"allow":["GET"]}}],"collection":[{"href":"https:\/\/fotoklub-zamek.pl\/index.php\/wp-json\/wp\/v2\/posts"}],"about":[{"href":"https:\/\/fotoklub-zamek.pl\/index.php\/wp-json\/wp\/v2\/types\/post"}],"author":[{"embeddable":true,"href":"https:\/\/fotoklub-zamek.pl\/index.php\/wp-json\/wp\/v2\/users\/1"}],"replies":[{"embeddable":true,"href":"https:\/\/fotoklub-zamek.pl\/index.php\/wp-json\/wp\/v2\/comments?post=447"}],"version-history":[{"count":5,"href":"https:\/\/fotoklub-zamek.pl\/index.php\/wp-json\/wp\/v2\/posts\/447\/revisions"}],"predecessor-version":[{"id":457,"href":"https:\/\/fotoklub-zamek.pl\/index.php\/wp-json\/wp\/v2\/posts\/447\/revisions\/457"}],"wp:attachment":[{"href":"https:\/\/fotoklub-zamek.pl\/index.php\/wp-json\/wp\/v2\/media?parent=447"}],"wp:term":[{"taxonomy":"category","embeddable":true,"href":"https:\/\/fotoklub-zamek.pl\/index.php\/wp-json\/wp\/v2\/categories?post=447"},{"taxonomy":"post_tag","embeddable":true,"href":"https:\/\/fotoklub-zamek.pl\/index.php\/wp-json\/wp\/v2\/tags?post=447"}],"curies":[{"name":"wp","href":"https:\/\/api.w.org\/{rel}","templated":true}]}}